{"id":51829,"date":"2026-03-17T22:31:49","date_gmt":"2026-03-17T21:31:49","guid":{"rendered":"https:\/\/bielitzer.ch\/travels\/?p=51829"},"modified":"2026-03-22T10:25:22","modified_gmt":"2026-03-22T09:25:22","slug":"waihi-beach-freedom-camping","status":"publish","type":"post","link":"https:\/\/bielitzer.ch\/travels\/2026\/03\/17\/waihi-beach-freedom-camping\/","title":{"rendered":"Waihi Beach, Freedom Camping"},"content":{"rendered":"<p style=\"font-weight: 400;\">Der heutige Tag beginnt so, wie der gestrige: Sonnig, warm und windstill. Anscheinend kommt der etwas garstige Wind erst nachmittags auf. Uns soll es nur recht sein \ud83d\ude0e<\/p>\n<p style=\"font-weight: 400;\">Rechtzeitig machen wir uns auf den Weg nach Waihi Beach. Der Weg f\u00fchrt in grobe Richtung Coromandel Peninsula und ist entsprechend befahren. An vielen Stellen des K\u00fcsten Highways entlang kommt es immer wieder zu Baustellen. Entweder wird die Fahrbahn erneuert, oder gleich auf eine weitere Spur erweitert\u2026<\/p>\n<p style=\"font-weight: 400;\">Als wir bei Roman und seiner Familie zu Hause vorfahren, haben wir noch gen\u00fcgend Zeit bis zur Pre-Purchase-Inspection. Roman ist gerade 19 und m\u00f6chte sich auf der S\u00fcdinsel in Nelson zu einem Piloten ausbilden lassen. Weil diese Ausbildung sehr teuer ist, m\u00f6chte er w\u00e4hrend dieser Zeit in einem Van leben und so die Wohnkosten senken. Er und sein Vater Steve sind von Manaaki sehr angetan und lassen sich alles ganz genau zeigen und erkl\u00e4ren. W\u00e4hrend die beiden eine Probefahrt machen, hocken wir beide derweil im heimischen Wohnzimmer und fangen schon etwas mit unserer t\u00e4glichen Schreibarbeit an.<\/p>\n<p style=\"font-weight: 400;\">Wie die Kiwis so sind, gibt es viel Spielraum. Als Manaaki in der Inspektion ist, sind wir uns selbst \u00fcberlassen. Als in der K\u00fcche ein paar Bratkartoffeln auf dem Herd brutscheln und uns das Wasser im Maul zusammenl\u00e4uft, heisst es noch lange nicht, dass wir auch gefragt werden, ob wir Hunger h\u00e4tten, oder etwas davon abhaben m\u00f6chten. Ganz nach dem legeren Motto: \u00abHelp yourself\u00bb!<\/p>\n<p style=\"font-weight: 400;\">Weil die Inspektion so um 1 Std. dauert, gehen wir auch nicht gross in ein Resti essen, sondern g\u00f6nnen uns einen Salat aus dem Supermarkt, den wir bei diesem herrlichen Wetter auf einer Parkbank verzehren.<\/p>\n<p><img decoding=\"async\" src=\"https:\/\/bielitzer.ch\/travels\/wp-content\/uploads\/2026\/03\/Mo_20260317__IMG_1979.jpg\" \/><\/p>\n<p style=\"font-weight: 400;\">In der Garage wird nach dem Grund f\u00fcr das Silikon auf dem Dach gefragt und angemerkt, dass die Schaltung etwas ausgeleiert sei und evtl. \u00fcber ein neues Getriebe nachgedacht werden sollte. Einen richtigen Bericht gibt\u2019s nicht, aber das war so der erste schnelle Eindruck des Garagisten.<\/p>\n<p style=\"font-weight: 400;\">Das alles stimmt Roman nicht gerade froh. Er will sicher sein, dass keine weiteren Kosten auf ihn zukommen und dass er auch im Winter auf der S\u00fcdinsel bequem im Auto leben kann. Wir haben das Gef\u00fchl, dass Roman sich nach einem anderen Van umschauen wird. Er meint, dass er uns bis sp\u00e4testens morgen Bescheid geben wird. Ma ist nur noch sehr ged\u00e4mpfter Laune danach.<\/p>\n<p style=\"font-weight: 400;\">W\u00e4hrend Ma hier in der N\u00e4he nach einem Stellplatz sucht, schreibt Jo nochmals Heidi (ihr erinnert euch an unsere ersten Interessenten von der S\u00fcdinsel aus Ngatimoti?) an.<\/p>\n<p style=\"font-weight: 400;\">Ein Silberstreif am Horizont. Erst gestern sprachen sie noch von uns \uf04a. Sie und Gion sind immer noch interessiert. Gion sei noch unterwegs und sie w\u00fcrden sich sp\u00e4ter nochmals bei uns melden\u2026<\/p>\n<p style=\"font-weight: 400;\">Heute machen wir keine grossen Spr\u00fcnge mehr und suchen uns hier in der Region einen Platz. Zwei sch\u00f6ne Freedom Campgrounds, die wir in der N\u00e4he anfahren sich schon ausgebucht, beim dritten Freedom Campground finden wir einen guten Platz f\u00fcr die Nacht. W\u00e4hrend Ma einen Spaziergang entlang der Beach macht, unterh\u00e4lt sich Jo mit den Nachbarn.<\/p>\n\n<p>&nbsp;<\/p>\n<p style=\"font-weight: 400;\">Und es kommt, wie es kommen musste: Nach dem Znacht bekommen wir von Roman die Nachricht, dass er sich weiter auf die Suche nach einem anderen Van machen wird. Unser Manaaki scheint ihm doch nicht der Richtige zu sein; zu sehr h\u00e4tte er sich nach der Decke strecken m\u00fcssen. Jetzt ist bei uns erstmal die Luft etwas raus.<\/p>\n<p style=\"font-weight: 400;\">Morgen mit dem Zmorge-Kafi sieht die Welt bestimmt schon wieder besser aus!<\/p>\n<p>&nbsp;<\/p>\n<p>&nbsp;<\/p>\n<p>&nbsp;<\/p>\n<p>&nbsp;<\/p>\n<p>&nbsp;<\/p>\n","protected":false},"excerpt":{"rendered":"<p>Der heutige Tag beginnt so, wie der gestrige: Sonnig, warm und windstill. Anscheinend kommt der etwas garstige Wind erst nachmittags auf. Uns soll es nur recht sein \ud83d\ude0e Rechtzeitig machen wir uns auf den Weg nach Waihi Beach. Der Weg &hellip; <a href=\"https:\/\/bielitzer.ch\/travels\/2026\/03\/17\/waihi-beach-freedom-camping\/\">Weiter<\/a><\/p>\n","protected":false},"author":1,"featured_media":51761,"comment_status":"open","ping_status":"closed","sticky":false,"template":"","format":"standard","meta":{"footnotes":""},"categories":[1056,1057],"tags":[],"class_list":["post-51829","post","type-post","status-publish","format-standard","has-post-thumbnail","hentry","category-neuseeland","category-nz-nordinsel"],"_links":{"self":[{"href":"https:\/\/bielitzer.ch\/travels\/wp-json\/wp\/v2\/posts\/51829","targetHints":{"allow":["GET"]}}],"collection":[{"href":"https:\/\/bielitzer.ch\/travels\/wp-json\/wp\/v2\/posts"}],"about":[{"href":"https:\/\/bielitzer.ch\/travels\/wp-json\/wp\/v2\/types\/post"}],"author":[{"embeddable":true,"href":"https:\/\/bielitzer.ch\/travels\/wp-json\/wp\/v2\/users\/1"}],"replies":[{"embeddable":true,"href":"https:\/\/bielitzer.ch\/travels\/wp-json\/wp\/v2\/comments?post=51829"}],"version-history":[{"count":2,"href":"https:\/\/bielitzer.ch\/travels\/wp-json\/wp\/v2\/posts\/51829\/revisions"}],"predecessor-version":[{"id":51831,"href":"https:\/\/bielitzer.ch\/travels\/wp-json\/wp\/v2\/posts\/51829\/revisions\/51831"}],"wp:featuredmedia":[{"embeddable":true,"href":"https:\/\/bielitzer.ch\/travels\/wp-json\/wp\/v2\/media\/51761"}],"wp:attachment":[{"href":"https:\/\/bielitzer.ch\/travels\/wp-json\/wp\/v2\/media?parent=51829"}],"wp:term":[{"taxonomy":"category","embeddable":true,"href":"https:\/\/bielitzer.ch\/travels\/wp-json\/wp\/v2\/categories?post=51829"},{"taxonomy":"post_tag","embeddable":true,"href":"https:\/\/bielitzer.ch\/travels\/wp-json\/wp\/v2\/tags?post=51829"}],"curies":[{"name":"wp","href":"https:\/\/api.w.org\/{rel}","templated":true}]}}