{"id":51839,"date":"2026-03-20T22:18:58","date_gmt":"2026-03-20T21:18:58","guid":{"rendered":"https:\/\/bielitzer.ch\/travels\/?p=51839"},"modified":"2026-03-25T02:07:52","modified_gmt":"2026-03-25T01:07:52","slug":"shekinah-farm-genussvoller-sommer-sonnentag","status":"publish","type":"post","link":"https:\/\/bielitzer.ch\/travels\/2026\/03\/20\/shekinah-farm-genussvoller-sommer-sonnentag\/","title":{"rendered":"Shekinah Farm: Genussvoller Sommer-Sonnentag"},"content":{"rendered":"<p style=\"font-weight: 400;\">F\u00fcr uns noch recht fr\u00fch am Morgen &#8211; es ist schon halb 9 &#8211; schauen wir zum ersten einmal aus Manaaki raus und sehen noch den Morgennebel \u00fcber dem Tal unter uns. Ein Anblick, wie wir ihn bisher auf unserer gesamten Reise noch nicht erleben durften.<\/p>\n\n<p>&nbsp;<\/p>\n<p style=\"font-weight: 400;\">Anita, unsere Landlady, verabschiedet sich von uns. Sie muss in die Stadt etwas erledigen, aber wir d\u00fcrfen den Tag hier noch in aller Ruhe geniessen, bevor es uns weiterziehen wird. \u00abHier haben wir alles, was wir uns w\u00fcnschen. Bleiben wir doch noch einen weiteren Tag hier\u00bb, finden JoMa im Laufe des Morgens raus. So wird Anita \u00fcberrascht sein, uns am Abend wieder zu sehen\u2026<\/p>\n<p style=\"font-weight: 400;\">Mittlerweile ist es Mittag und wir sind die einzigen, ausser den Rindlis auf der Weide, die sich hier verweilen. Obwohl Morgen mit dem 21. M\u00e4rz hier der Herbst eingel\u00e4utet wird, kommen wir uns vor, wie im Hochsommer \u2600\ufe0f<\/p>\n<p><img decoding=\"async\" src=\"https:\/\/bielitzer.ch\/travels\/wp-content\/uploads\/2026\/03\/Mo_20260320__IMG_4270.jpg\" \/><\/p>\n<p style=\"font-weight: 400;\">\u00abDa kann man mal froh sein, wenn sie kurz hinter einer Wolke verschwindet\u00bb, st\u00f6hnt Ma so manches Mal. Mit diesem Satz ist niemand anderes gemeint als die Sonne, die hoch am Himmel steht. Neben uns rascheln so manche B\u00e4ume im Wind, doch hier oben scheinen diese Windb\u00f6en an uns vorbeizugehen. Immer weiter verkriechen wir uns in den Schatten unter dem Vordach der Terrasse, auf der wir sitzen\u2026<\/p>\n<p style=\"font-weight: 400;\">Die Sache mit Heidi scheint sich auch etwas entspannt zu haben. Sie hatte mein Angebot so aufgefasst, als w\u00e4re die Bieterschlacht nochmals er\u00f6ffnet worden. Jo erkl\u00e4rt den Sachverhalt und nun warten wir ab\u2026<\/p>\n<p style=\"font-weight: 400;\">Der f\u00fcr uns wunderbare sonnige Herbst mit seinen warmen Temperaturen erweist sich f\u00fcr die Landwirtschaft als grosse Herausforderung. Schon seit Wochen hat es nicht mehr geregnet; die Felder und Wiesen sind trocken und das Gras ist d\u00fcrr statt saftig gr\u00fcn. Selbst die Rindlis suchen die Schatten spendenden B\u00e4ume auf, um sich dort niederzulassen.<\/p>\n<p style=\"font-weight: 400;\">Um uns wenigstens etwas zu bewegen, machen wir einen kurzen Spaziergang ums Karree, bis zum Nachbarn, der gerade nach Hause kommt und seine Schafe und die drei K\u00fche auf eine andere Weide bringt. Mit ihm halten wir einen kurzen Schwatz. Er ist als kleiner Handwerker selbst\u00e4ndig und profitiert eigentlich von der immer gr\u00f6sser werdenden Stadt Auckland. Aber auch hier ist es, wie \u00fcberall auf der Welt, wenn St\u00e4dte immer gr\u00f6sser werden: Die Infrastruktur der Strassen leidet durch den gr\u00f6sseren und dichter werdenden Autoverkehr, die Luftverschmutzung nimmt zu und die Grund- und Bodenpreise steigen ins Unermessliche. Er k\u00f6nnte es sich heute nicht mehr leisten auch nur noch 1 Arcre Land dazu zu kaufen.<\/p>\n<p style=\"font-weight: 400;\">Ausserdem g\u00e4be es immer wieder Gerede, dass Neuseeland ein weiterer Bundesstaat Australiens wird. Die wirtschaftliche Abh\u00e4ngigkeit von Australien scheint immer mehr zuzunehmen. Noch geniesst er den Ort, an dem sie alle hier leben und er hofft, dass es doch noch einige Zeit so bleiben wird.<\/p>\n<p style=\"font-weight: 400;\">Peggy, Anitas Partnerin, kl\u00e4rt uns auf, dass die beiden eine nette \u00abFreitagstradition\u00bb haben: So gegen sechs\/halb sieben fahren sie ins kleine Kereru Korner Caf\u00e9. Dort gibt\u2019s freitags immer einfache, feine Gerichte. Nachdem wir unsere Bestellungen aufgegeben haben, machen wir eine Runde durch die hinter dem Haus gelegenen Volieren, in denen verschiedene Papageien, Sittiche, Kakadus und so manch andere V\u00f6gel ein liebevolles Zuhause gefunden haben.<\/p>\n\n<p>&nbsp;<\/p>\n<p style=\"font-weight: 400;\">Unsere beiden Landlaydies haben uns nicht zu viel versprochen: Das Essen ist fein und liebevoll zubereitet. Wir lassen es uns schmecken und sind bald so satt, dass leider f\u00fcr ein Dessert kein Platz mehr im Bauch ist \ud83d\ude09<\/p>\n<p><img decoding=\"async\" src=\"https:\/\/bielitzer.ch\/travels\/wp-content\/uploads\/2026\/03\/Mo_20260320__IMG_4300.jpg\" \/><\/p>\n<p>&nbsp;<\/p>\n<p>&nbsp;<\/p>\n<p>&nbsp;<\/p>\n<p>&nbsp;<\/p>\n<p>&nbsp;<\/p>\n","protected":false},"excerpt":{"rendered":"<p>Der heutige Lieblingssatz ist eindeutig: \u00abDa kann man mal froh sein, wenn sie mal kurz hinter einer Wolke verschwindet\u00bb. Wir geniessen einen sonnig-sommerlichen, genussvollen Tag in der Shekinah Farm &#8211; dabei ist ja heute eigentlich Herbstanfang.<br \/>\nAbends werden wir von Anita und Peggy eingeladen, mit ihnen der Freitagstradition folgend ins nahgelegene Zoorestaurant zu kommen.<\/p>\n","protected":false},"author":1,"featured_media":51791,"comment_status":"open","ping_status":"closed","sticky":false,"template":"","format":"standard","meta":{"footnotes":""},"categories":[1056,1057],"tags":[],"class_list":["post-51839","post","type-post","status-publish","format-standard","has-post-thumbnail","hentry","category-neuseeland","category-nz-nordinsel"],"_links":{"self":[{"href":"https:\/\/bielitzer.ch\/travels\/wp-json\/wp\/v2\/posts\/51839","targetHints":{"allow":["GET"]}}],"collection":[{"href":"https:\/\/bielitzer.ch\/travels\/wp-json\/wp\/v2\/posts"}],"about":[{"href":"https:\/\/bielitzer.ch\/travels\/wp-json\/wp\/v2\/types\/post"}],"author":[{"embeddable":true,"href":"https:\/\/bielitzer.ch\/travels\/wp-json\/wp\/v2\/users\/1"}],"replies":[{"embeddable":true,"href":"https:\/\/bielitzer.ch\/travels\/wp-json\/wp\/v2\/comments?post=51839"}],"version-history":[{"count":7,"href":"https:\/\/bielitzer.ch\/travels\/wp-json\/wp\/v2\/posts\/51839\/revisions"}],"predecessor-version":[{"id":51947,"href":"https:\/\/bielitzer.ch\/travels\/wp-json\/wp\/v2\/posts\/51839\/revisions\/51947"}],"wp:featuredmedia":[{"embeddable":true,"href":"https:\/\/bielitzer.ch\/travels\/wp-json\/wp\/v2\/media\/51791"}],"wp:attachment":[{"href":"https:\/\/bielitzer.ch\/travels\/wp-json\/wp\/v2\/media?parent=51839"}],"wp:term":[{"taxonomy":"category","embeddable":true,"href":"https:\/\/bielitzer.ch\/travels\/wp-json\/wp\/v2\/categories?post=51839"},{"taxonomy":"post_tag","embeddable":true,"href":"https:\/\/bielitzer.ch\/travels\/wp-json\/wp\/v2\/tags?post=51839"}],"curies":[{"name":"wp","href":"https:\/\/api.w.org\/{rel}","templated":true}]}}