{"id":51959,"date":"2026-03-23T22:48:25","date_gmt":"2026-03-23T21:48:25","guid":{"rendered":"https:\/\/bielitzer.ch\/travels\/?p=51959"},"modified":"2026-03-26T02:02:56","modified_gmt":"2026-03-26T01:02:56","slug":"arataki-regional-park","status":"publish","type":"post","link":"https:\/\/bielitzer.ch\/travels\/2026\/03\/23\/arataki-regional-park\/","title":{"rendered":"Arataki Visitor Centre"},"content":{"rendered":"<p style=\"font-weight: 400;\">Wegen der oftmals unterbrochenen Nacht kommen wir am Morgen nur schleppend auf Touren, was sich nach dem ersten Kafi etwas beschleunigt. Die Check-Out-Zeit von 12 Uhr kommt uns sehr gelegen, dass wir sogar etwas \u00fcberstrapazieren. Nur gut, dass niemand kontrollieren kommt \ud83d\ude09 Wir sitzen noch vor unserer SuperBowl, da weht der Thai Curry Zmittagsduft schon von den Nachbarn an unseren Nasen vorbei.<\/p>\n<p style=\"font-weight: 400;\">Morgen werden wir Manaaki erst in einer Garage zur Verkaufsinspektion vorf\u00fchren, danach im Anschluss gleich bei Steve in Nordwesten von Auckland. Vielleicht wird das ja was?! Wenn nicht, haben wir noch Cath &amp; John als Interessenten in Papamoa und Heidi &amp; Gion in Ngatimoti.<\/p>\n<p style=\"font-weight: 400;\">Den notwendigen Garagentermin konnte Ma heute noch festmachen. Sie findet auch gleich einen \u00dcbernachtungsplatz, der nicht weit davon entfernt ist, aber sch\u00f6n in der Natur gelegen ist: Ein g\u00fcnstiger Stellplatz beim Arataki Visitor Center. Dorthin kommen wir \u00fcber eine kurvige und h\u00fcgelige Nebenstrasse, bei der wir auf dem Scenic Drive im Waitakere Ranges Regional Park noch eine Panoramaaussicht auf Auckland geboten bekommen. Kaum zu glauben, dass es so nah bei Auckland so h\u00fcgelig ist \u2013 wir befinden uns auf fast 400 m.\u00fc.M.<\/p>\n<p><img decoding=\"async\" src=\"https:\/\/bielitzer.ch\/travels\/wp-content\/uploads\/2026\/03\/Mo_20260323__IMG_2039.jpg\" \/><\/p>\n<p style=\"font-weight: 400;\">Heute kommen wir zwar nicht auf einem Freedom Campground zu stehen, aber mit 18 NZD f\u00fcr die Nacht zahlen wir jetzt auch nicht gerade einen Haufen hier auf dem Parkplatz am Arataki Visitor Centers. Allerdings m\u00fcssen wir all unsere Kl\u00f6tzlis aufbieten, um Manaaki wenigstens etwas gelevelt zu bekommen. Daf\u00fcr stehen wir dann auf dem sch\u00f6nsten Platz!<\/p>\n\n<p>&nbsp;<\/p>\n<p style=\"font-weight: 400;\">Im Visitor Center lassen wir uns zuerst von einem gut inszenierten und mit eindrucksvollen Aufnahmen gefilmten Video \u00fcber diesen eindrucksvollen Regional Park verzaubern. Auf dem kleinen \u00abCatwalk\u00bb um das Visitor Center bekommen wir einen ersten Eindruck \u00fcber die Artenvielfalt dieser Natur.<\/p>\n\n<p>&nbsp;<\/p>\n<p style=\"font-weight: 400;\">Da uns die schlaflose Nacht immer noch etwas nachh\u00e4ngt entschliessen wir uns f\u00fcr den k\u00fcrzeren Wanderweg, der uns mit seinen fast 200 Treppenstufen bis zur Kauri Cathedral bringen soll. H\u00e4tten wir nicht den Schotterweg unter unseren F\u00fcssen, k\u00f6nnten wir glauben, wirklich in einem unber\u00fchrten Urwald zu sein, hier wo die Natur noch sich selbst \u00fcberlassen wird. Nur ganz vorsichtig greift die Menschenhand versteckt hier und da ein. Wahrlich, es wurde uns von der freundlichen Dame im Visitor Center nicht zu viel versprochen. Am Ende des Weges sehen wir uns f\u00f6rmlich von grossen m\u00e4chtigen Kauri-B\u00e4umen umringt.<\/p>\n<table style=\"width: 100%; border-collapse: collapse; background-color: #eeeeee;\">\n<tbody>\n<tr>\n<td style=\"width: 100%;\">\n<p style=\"font-weight: 400;\"><strong>Kauri-B\u00e4ume (<\/strong><em><strong>Agathis australis<\/strong><\/em><strong>)<\/strong> sind neuseel\u00e4ndische Riesen, die zu den \u00e4ltesten und m\u00e4chtigsten Baumarten der Welt z\u00e4hlen. Sie k\u00f6nnen \u00fcber 2\u2019000 Jahre alt werden. Der neuseel\u00e4ndische Kauri-Baum ist ein immergr\u00fcner Baum, der heute meist Wuchsh\u00f6hen von 30 bis \u00fcber 50 Metern und einen Stammdurchmesser von 1 bis \u00fcber 4 Metern erreicht. In historischer Zeit gef\u00e4llte Exemplare erreichten wesentlich gr\u00f6ssere Durchmesser. Der angeblich gr\u00f6sste, durch einen Bericht aus dem Jahr 1919 \u00fcberlieferte Kauri-Baum soll im Tararu Creek an der K\u00fcste nahe Thames auf der Coromandel Peninsula in den 1870er Jahren existiert, und einen Stammdurchmesser von 8.54 Metern sowie einen Umfang von 26.82 Metern gehabt haben und etwa 4\u2019000 Jahre alt gewesen sein.<\/p>\n<p style=\"font-weight: 400;\">Kauri-B\u00e4ume wachsen nicht im dichten Wald, sondern bilden eher eigene Gemeinschaften und beeinflussen durch ihre abfallende Rinde den Boden um sich herum. Die B\u00e4ume sind f\u00fcr die M\u0101ori kulturell heilig und gelten als spirituelle Vorfahren.<\/p>\n<p style=\"font-weight: 400;\">Eine durch den Bodenpilz <em>Phytophthora agathis, <\/em>verursachte Krankheit, Dieback genannt, bedroht das \u00dcberleben der B\u00e4ume. Zum Schutz werden strenge Hygienemassnahmen wie Schuhreinigungsstationen f\u00fcr Waldbesucher angewendet; die Reinigung von Schuhen ist dort beim Eintritt und beim Verlassen des Waldes zwingend erforderlich.<\/p>\n<\/td>\n<\/tr>\n<\/tbody>\n<\/table>\n<p><img loading=\"lazy\" decoding=\"async\" class=\"\" src=\"https:\/\/bielitzer.ch\/travels\/wp-content\/uploads\/2026\/03\/Mo_20260323__MBA03214.jpg\" width=\"400\" height=\"533\" \/><\/p>\n<p style=\"font-weight: 400;\">Mit einsetzender D\u00e4mmerung wird es unter diesem m\u00e4chtigen Bl\u00e4tterdach schon schnell dunkel und fast mystisch, k\u00f6nnten wir meinen. Wie zu Beginn des Weges, so werden auch am Ende des Weges an einer \u00abSchuhputzstation\u00bb auf die Baumkrankheit \u00abDieback\u00bb hingewiesen.<\/p>\n<p style=\"font-weight: 400;\">Nach 21 Uhr wird das Zufahrtstor zum Visitor Center automatisch geschlossen. So sind wir vor ungebetenen Besuchern (oder sp\u00e4t nachts eintreffenden \u2013 meist jungen \u2013 Reisenden) gesch\u00fctzt k\u00f6nnen und freuen uns auf eine ruhige Nacht. Ausser uns parkieren noch 2 Nachbarn weit verstreut neben uns \u00fcber Nacht hier auf dem grossen Parkplatz. Sch\u00f6n, dass wir wieder mehr Platz um uns herum geniessen d\u00fcrfen und einander nicht auf die Pelle r\u00fccken.<\/p>\n<p>&nbsp;<\/p>\n<p>&nbsp;<\/p>\n<p>&nbsp;<\/p>\n<p>&nbsp;<\/p>\n<p>&nbsp;<\/p>\n","protected":false},"excerpt":{"rendered":"<p>Wir machen heute einen Termin in einer Auto Garage in Auckland ab, um morgen den anstehenden \u00d6lwechsel zu erledigen und eine Inspektion durchf\u00fchren zu lassen.<br \/>\nAuf dem Scenic Drive im Waitakere Ranges Regional Park k\u00f6nnen wir Aucklands Skyline von der Entfernung her geniessen und m\u00fcssen uns nicht durch den Grossstadtdschungel schl\u00e4ngeln.<br \/>\nIm Arataki Regional Park sind wir am Ende des Wanderweges regelrecht von Kauri-B\u00e4umen umzingelt. Kommt man aus dem Wald, ist Schuhe putzen oberstes Gebot!<\/p>\n","protected":false},"author":1,"featured_media":51919,"comment_status":"open","ping_status":"closed","sticky":false,"template":"","format":"standard","meta":{"footnotes":""},"categories":[1056,1057],"tags":[],"class_list":["post-51959","post","type-post","status-publish","format-standard","has-post-thumbnail","hentry","category-neuseeland","category-nz-nordinsel"],"_links":{"self":[{"href":"https:\/\/bielitzer.ch\/travels\/wp-json\/wp\/v2\/posts\/51959","targetHints":{"allow":["GET"]}}],"collection":[{"href":"https:\/\/bielitzer.ch\/travels\/wp-json\/wp\/v2\/posts"}],"about":[{"href":"https:\/\/bielitzer.ch\/travels\/wp-json\/wp\/v2\/types\/post"}],"author":[{"embeddable":true,"href":"https:\/\/bielitzer.ch\/travels\/wp-json\/wp\/v2\/users\/1"}],"replies":[{"embeddable":true,"href":"https:\/\/bielitzer.ch\/travels\/wp-json\/wp\/v2\/comments?post=51959"}],"version-history":[{"count":11,"href":"https:\/\/bielitzer.ch\/travels\/wp-json\/wp\/v2\/posts\/51959\/revisions"}],"predecessor-version":[{"id":51970,"href":"https:\/\/bielitzer.ch\/travels\/wp-json\/wp\/v2\/posts\/51959\/revisions\/51970"}],"wp:featuredmedia":[{"embeddable":true,"href":"https:\/\/bielitzer.ch\/travels\/wp-json\/wp\/v2\/media\/51919"}],"wp:attachment":[{"href":"https:\/\/bielitzer.ch\/travels\/wp-json\/wp\/v2\/media?parent=51959"}],"wp:term":[{"taxonomy":"category","embeddable":true,"href":"https:\/\/bielitzer.ch\/travels\/wp-json\/wp\/v2\/categories?post=51959"},{"taxonomy":"post_tag","embeddable":true,"href":"https:\/\/bielitzer.ch\/travels\/wp-json\/wp\/v2\/tags?post=51959"}],"curies":[{"name":"wp","href":"https:\/\/api.w.org\/{rel}","templated":true}]}}